{"id":16703,"date":"2026-01-13T17:10:54","date_gmt":"2026-01-13T22:10:54","guid":{"rendered":"https:\/\/cepeg.pe\/blog\/?p=16703"},"modified":"2026-01-13T17:10:57","modified_gmt":"2026-01-13T22:10:57","slug":"crisis-salud-mental-universitarios-peru-depresion-ideacion-suicida","status":"publish","type":"post","link":"https:\/\/cepeg.pe\/blog\/crisis-salud-mental-universitarios-peru-depresion-ideacion-suicida\/","title":{"rendered":"CRISIS DE SALUD MENTAL EN LA EDUCACI\u00d3N SUPERIOR: AN\u00c1LISIS DE LA IDEACI\u00d3N SUICIDA Y PREVALENCIA DE LA DEPRESI\u00d3N EN UNIVERSITARIOS"},"content":{"rendered":"\n<p>En el marco del <strong>D\u00eda Mundial de la Lucha contra la Depresi\u00f3n<\/strong>, nuevos estudios epidemiol\u00f3gicos revelan una crisis sanitaria silenciosa en las instituciones de educaci\u00f3n superior del Per\u00fa. Los datos indican que el <strong>36% de los estudiantes universitarios<\/strong> ha experimentado el deseo de no seguir viviendo y un <strong>34% ha manifestado ideaci\u00f3n suicida<\/strong> persistente. Este art\u00edculo analiza los factores determinantes de esta problem\u00e1tica, argumentando que la presi\u00f3n acad\u00e9mica, la precariedad econ\u00f3mica y la falta de redes de apoyo institucional act\u00faan como catalizadores de trastornos afectivos graves. Se concluye que es imperativo transitar de un modelo de salud reactivo a uno preventivo, integrando la salud mental como un eje transversal en la formaci\u00f3n acad\u00e9mica.<\/p>\n\n\n\n<p><strong>1. Introducci\u00f3n<\/strong><\/p>\n\n\n\n<p>La depresi\u00f3n es un trastorno del estado de \u00e1nimo que afecta a m\u00e1s de 300 millones de personas a nivel mundial, seg\u00fan la OMS. Sin embargo, su impacto en la poblaci\u00f3n joven, espec\u00edficamente en el \u00e1mbito universitario, ha mostrado una tendencia ascendente preocupante tras la transici\u00f3n a modelos educativos h\u00edbridos y la inestabilidad socioecon\u00f3mica de los \u00faltimos a\u00f1os.<\/p>\n\n\n\n<p>El 13 de enero, D\u00eda Mundial de la Lucha contra la Depresi\u00f3n, sirve como recordatorio de que la salud mental no es solo la ausencia de enfermedad, sino un estado de bienestar integral. Las cifras presentadas hoy (36% con deseos de muerte y 34% con ideaci\u00f3n suicida) no son solo estad\u00edsticas, sino un llamado de auxilio de una generaci\u00f3n sometida a niveles de estr\u00e9s sin precedentes.<\/p>\n\n\n\n<p><strong>2. An\u00e1lisis de las Cifras: Un Panorama Desolador<\/strong><\/p>\n\n\n\n<p>El fen\u00f3meno de la salud mental universitaria se manifiesta a trav\u00e9s de un espectro que va desde el agotamiento emocional hasta la planificaci\u00f3n suicida.<\/p>\n\n\n\n<p><strong>2.1. Deseo de Muerte vs. Ideaci\u00f3n Suicida<\/strong><\/p>\n\n\n\n<p>Es fundamental distinguir entre ambos conceptos para una intervenci\u00f3n eficaz:<\/p>\n\n\n\n<ul class=\"wp-block-list\">\n<li><strong>Deseo de Muerte (36%):<\/strong> Un pensamiento pasivo donde el individuo siente que la vida no vale la pena o desea \u00abno despertar\u00bb.<\/li>\n\n\n\n<li><strong>Ideaci\u00f3n Suicida (34%):<\/strong> Un pensamiento activo que implica considerar el acto de quitarse la vida como una soluci\u00f3n a un sufrimiento psicol\u00f3gico insoportable.<\/li>\n<\/ul>\n\n\n\n<p>La estrecha cercan\u00eda entre ambos porcentajes sugiere que el malestar emocional de los universitarios peruanos no es pasajero, sino que se ha consolidado como un estado de desesperanza aprendida.<\/p>\n\n\n\n<p><strong>3. Determinantes de la Depresi\u00f3n Universitaria<\/strong><\/p>\n\n\n\n<p>La literatura acad\u00e9mica identifica una tr\u00edada de factores que explican la vulnerabilidad de esta poblaci\u00f3n:<\/p>\n\n\n\n<ul start=\"1\" class=\"wp-block-list\">\n<li><strong>Factores Acad\u00e9micos:<\/strong> El miedo al fracaso, la sobrecarga de tareas y la competitividad extrema generan niveles de cortisol cr\u00f3nicamente elevados, afectando la neuroplasticidad y el equilibrio afectivo.<\/li>\n\n\n\n<li><strong>Factores Econ\u00f3micos:<\/strong> En el Per\u00fa, una gran parte de los estudiantes trabaja y estudia simult\u00e1neamente. La incertidumbre financiera y la presi\u00f3n por mantener becas incrementan la ansiedad.<\/li>\n\n\n\n<li><strong>Factores Sociales y Digitales:<\/strong> El aislamiento social, a menudo disfrazado por la hiperconectividad digital, y la comparaci\u00f3n constante en redes sociales fomentan sentimientos de insuficiencia y baja autoestima.<\/li>\n<\/ul>\n\n\n\n<p><strong>4. El Rol de las Instituciones y la Familia<\/strong><\/p>\n\n\n\n<p>A pesar de la magnitud de la crisis, el acceso a servicios de salud mental especializados sigue siendo limitado.<\/p>\n\n\n\n<p><strong>4.1. La Brecha de Atenci\u00f3n<\/strong><\/p>\n\n\n\n<figure class=\"wp-block-table\"><table class=\"has-fixed-layout\"><thead><tr><td><strong>Poblaci\u00f3n Estudiantil<\/strong><\/td><td><strong>Manifestaci\u00f3n del Malestar<\/strong><\/td><td><strong>Acceso a Terapia Profesional<\/strong><\/td><\/tr><\/thead><tbody><tr><td><strong>36%<\/strong><\/td><td>Deseo de muerte<\/td><td>Menos del 10% busca ayuda formal<\/td><\/tr><tr><td><strong>34%<\/strong><\/td><td>Ideaci\u00f3n suicida<\/td><td>Riesgo alto sin intervenci\u00f3n inmediata<\/td><\/tr><\/tbody><\/table><\/figure>\n\n\n\n<p><strong>Nota Cr\u00edtica:<\/strong> Existe un estigma persistente que asocia la salud mental con la debilidad. El <strong>\u00abD\u00eda Mundial contra la Depresi\u00f3n\u00bb<\/strong> debe servir para normalizar la b\u00fasqueda de ayuda y exigir que las universidades cuenten con centros de bienestar equipados con personal capacitado, no solo con orientadores vocacionales.<\/p>\n\n\n\n<p><strong>5. Estrategias de Intervenci\u00f3n y Prevenci\u00f3n<\/strong><\/p>\n\n\n\n<p>Para revertir estas cifras, la respuesta debe ser integral:<\/p>\n\n\n\n<ul class=\"wp-block-list\">\n<li><strong>Tamizaje Peri\u00f3dico:<\/strong> Implementar herramientas de detecci\u00f3n de riesgos de salud mental al inicio de cada ciclo acad\u00e9mico.<\/li>\n\n\n\n<li><strong>Protocolos de Emergencia:<\/strong> Las universidades deben tener l\u00edneas de respuesta inmediata ante crisis de ideaci\u00f3n suicida.<\/li>\n\n\n\n<li><strong>Educaci\u00f3n Emocional:<\/strong> Integrar talleres de resiliencia y manejo del estr\u00e9s dentro de la curr\u00edcula regular.<\/li>\n<\/ul>\n\n\n\n<p><strong>6. Conclusi\u00f3n<\/strong><\/p>\n\n\n\n<p>Las cifras de 2026 sobre la salud mental universitaria en el Per\u00fa son una se\u00f1al de alarma sist\u00e9mica. Que un tercio de nuestros j\u00f3venes universitarios piense en la muerte como una salida es un indicador de que el modelo actual de \u00e9xito acad\u00e9mico se est\u00e1 construyendo a costa del bienestar humano.<\/p>\n\n\n\n<p>La informaci\u00f3n m\u00e1s valiosa para el estudiante y el padre de familia es saber que <strong>la depresi\u00f3n es tratable y el suicidio es prevenible<\/strong>. Reconocer los s\u00edntomas (insomnio, p\u00e9rdida de inter\u00e9s, fatiga cr\u00f3nica, pensamientos de inutilidad) y buscar ayuda profesional no es un acto de derrota, sino de valent\u00eda y autocuidado. El futuro del pa\u00eds depende de la salud mental de quienes hoy se est\u00e1n formando.<\/p>\n","protected":false},"excerpt":{"rendered":"<p>An\u00e1lisis sobre la crisis de salud mental en la educaci\u00f3n superior del Per\u00fa altas tasas de depresi\u00f3n e ideaci\u00f3n suicida en universitarios y desaf\u00edos institucionales en 2026<\/p>\n","protected":false},"author":1,"featured_media":16706,"comment_status":"open","ping_status":"open","sticky":false,"template":"","format":"standard","meta":{"_acf_changed":false,"footnotes":""},"categories":[1055],"tags":[972,1698,1700,1699,1701,1697],"class_list":["post-16703","post","type-post","status-publish","format-standard","has-post-thumbnail","hentry","category-noticias","tag-cepeg","tag-depresion-en-estudiantes","tag-educacion-superior","tag-ideacion-suicida","tag-prevencion-en-salud-mental","tag-salud-mental"],"acf":[],"yoast_head":"<!-- This site is optimized with the Yoast SEO plugin v27.2 - https:\/\/yoast.com\/product\/yoast-seo-wordpress\/ -->\n<title>Crisis de salud mental en universitarios peruanos depresi\u00f3n 2026<\/title>\n<meta name=\"description\" content=\"An\u00e1lisis sobre la crisis de salud mental en la educaci\u00f3n superior del Per\u00fa altas tasas de depresi\u00f3n e ideaci\u00f3n suicida en universitarios, etc\" \/>\n<meta name=\"robots\" content=\"index, follow, max-snippet:-1, max-image-preview:large, max-video-preview:-1\" \/>\n<link rel=\"canonical\" href=\"https:\/\/cepeg.pe\/blog\/crisis-salud-mental-universitarios-peru-depresion-ideacion-suicida\/\" \/>\n<meta property=\"og:locale\" content=\"es_ES\" \/>\n<meta property=\"og:type\" content=\"article\" \/>\n<meta property=\"og:title\" content=\"Crisis de salud mental en universitarios peruanos depresi\u00f3n 2026\" \/>\n<meta property=\"og:description\" content=\"An\u00e1lisis sobre la crisis de salud mental en la educaci\u00f3n superior del Per\u00fa altas tasas de depresi\u00f3n e ideaci\u00f3n suicida en universitarios, etc\" \/>\n<meta property=\"og:url\" content=\"https:\/\/cepeg.pe\/blog\/crisis-salud-mental-universitarios-peru-depresion-ideacion-suicida\/\" \/>\n<meta property=\"og:site_name\" content=\"BLOG - CEPEG\" \/>\n<meta property=\"article:published_time\" content=\"2026-01-13T22:10:54+00:00\" \/>\n<meta property=\"article:modified_time\" content=\"2026-01-13T22:10:57+00:00\" \/>\n<meta property=\"og:image\" content=\"https:\/\/cepeg.pe\/blog\/wp-content\/uploads\/2026\/01\/Portada-Noticia-Web-58.png\" \/>\n\t<meta property=\"og:image:width\" content=\"917\" \/>\n\t<meta property=\"og:image:height\" content=\"420\" \/>\n\t<meta property=\"og:image:type\" content=\"image\/png\" \/>\n<meta name=\"author\" content=\"CEPEG - Centro Peruano de Estudios Gubernamentales\" \/>\n<meta name=\"twitter:card\" content=\"summary_large_image\" \/>\n<meta name=\"twitter:label1\" content=\"Written by\" \/>\n\t<meta name=\"twitter:data1\" content=\"CEPEG - Centro Peruano de Estudios Gubernamentales\" \/>\n\t<meta name=\"twitter:label2\" content=\"Est. reading time\" \/>\n\t<meta name=\"twitter:data2\" content=\"4 minutos\" \/>\n<script type=\"application\/ld+json\" class=\"yoast-schema-graph\">{\"@context\":\"https:\/\/schema.org\",\"@graph\":[{\"@type\":\"Article\",\"@id\":\"https:\/\/cepeg.pe\/blog\/crisis-salud-mental-universitarios-peru-depresion-ideacion-suicida\/#article\",\"isPartOf\":{\"@id\":\"https:\/\/cepeg.pe\/blog\/crisis-salud-mental-universitarios-peru-depresion-ideacion-suicida\/\"},\"author\":{\"name\":\"CEPEG - Centro Peruano de Estudios Gubernamentales\",\"@id\":\"https:\/\/cepeg.pe\/blog\/#\/schema\/person\/6fa73abaf79d528a2c6ed502a6bd1e45\"},\"headline\":\"CRISIS DE SALUD MENTAL EN LA EDUCACI\u00d3N SUPERIOR: AN\u00c1LISIS DE LA IDEACI\u00d3N SUICIDA Y PREVALENCIA DE LA DEPRESI\u00d3N EN UNIVERSITARIOS\",\"datePublished\":\"2026-01-13T22:10:54+00:00\",\"dateModified\":\"2026-01-13T22:10:57+00:00\",\"mainEntityOfPage\":{\"@id\":\"https:\/\/cepeg.pe\/blog\/crisis-salud-mental-universitarios-peru-depresion-ideacion-suicida\/\"},\"wordCount\":841,\"commentCount\":2,\"publisher\":{\"@id\":\"https:\/\/cepeg.pe\/blog\/#organization\"},\"image\":{\"@id\":\"https:\/\/cepeg.pe\/blog\/crisis-salud-mental-universitarios-peru-depresion-ideacion-suicida\/#primaryimage\"},\"thumbnailUrl\":\"https:\/\/cepeg.pe\/blog\/wp-content\/uploads\/2026\/01\/Portada-Noticia-Web-58.png\",\"keywords\":[\"cepeg\",\"Depresi\u00f3n en estudiantes\",\"Educaci\u00f3n superior\",\"Ideaci\u00f3n suicida\",\"Prevenci\u00f3n en salud mental\",\"Salud mental\"],\"articleSection\":[\"NOTICIAS\"],\"inLanguage\":\"es-PE\",\"potentialAction\":[{\"@type\":\"CommentAction\",\"name\":\"Comment\",\"target\":[\"https:\/\/cepeg.pe\/blog\/crisis-salud-mental-universitarios-peru-depresion-ideacion-suicida\/#respond\"]}]},{\"@type\":\"WebPage\",\"@id\":\"https:\/\/cepeg.pe\/blog\/crisis-salud-mental-universitarios-peru-depresion-ideacion-suicida\/\",\"url\":\"https:\/\/cepeg.pe\/blog\/crisis-salud-mental-universitarios-peru-depresion-ideacion-suicida\/\",\"name\":\"Crisis de salud mental en universitarios peruanos depresi\u00f3n 2026\",\"isPartOf\":{\"@id\":\"https:\/\/cepeg.pe\/blog\/#website\"},\"primaryImageOfPage\":{\"@id\":\"https:\/\/cepeg.pe\/blog\/crisis-salud-mental-universitarios-peru-depresion-ideacion-suicida\/#primaryimage\"},\"image\":{\"@id\":\"https:\/\/cepeg.pe\/blog\/crisis-salud-mental-universitarios-peru-depresion-ideacion-suicida\/#primaryimage\"},\"thumbnailUrl\":\"https:\/\/cepeg.pe\/blog\/wp-content\/uploads\/2026\/01\/Portada-Noticia-Web-58.png\",\"datePublished\":\"2026-01-13T22:10:54+00:00\",\"dateModified\":\"2026-01-13T22:10:57+00:00\",\"description\":\"An\u00e1lisis sobre la crisis de salud mental en la educaci\u00f3n superior del Per\u00fa altas tasas de depresi\u00f3n e ideaci\u00f3n suicida en universitarios, etc\",\"breadcrumb\":{\"@id\":\"https:\/\/cepeg.pe\/blog\/crisis-salud-mental-universitarios-peru-depresion-ideacion-suicida\/#breadcrumb\"},\"inLanguage\":\"es-PE\",\"potentialAction\":[{\"@type\":\"ReadAction\",\"target\":[\"https:\/\/cepeg.pe\/blog\/crisis-salud-mental-universitarios-peru-depresion-ideacion-suicida\/\"]}]},{\"@type\":\"ImageObject\",\"inLanguage\":\"es-PE\",\"@id\":\"https:\/\/cepeg.pe\/blog\/crisis-salud-mental-universitarios-peru-depresion-ideacion-suicida\/#primaryimage\",\"url\":\"https:\/\/cepeg.pe\/blog\/wp-content\/uploads\/2026\/01\/Portada-Noticia-Web-58.png\",\"contentUrl\":\"https:\/\/cepeg.pe\/blog\/wp-content\/uploads\/2026\/01\/Portada-Noticia-Web-58.png\",\"width\":917,\"height\":420},{\"@type\":\"BreadcrumbList\",\"@id\":\"https:\/\/cepeg.pe\/blog\/crisis-salud-mental-universitarios-peru-depresion-ideacion-suicida\/#breadcrumb\",\"itemListElement\":[{\"@type\":\"ListItem\",\"position\":1,\"name\":\"Portada\",\"item\":\"https:\/\/cepeg.pe\/blog\/\"},{\"@type\":\"ListItem\",\"position\":2,\"name\":\"CRISIS DE SALUD MENTAL EN LA EDUCACI\u00d3N SUPERIOR: AN\u00c1LISIS DE LA IDEACI\u00d3N SUICIDA Y PREVALENCIA DE LA DEPRESI\u00d3N EN UNIVERSITARIOS\"}]},{\"@type\":\"WebSite\",\"@id\":\"https:\/\/cepeg.pe\/blog\/#website\",\"url\":\"https:\/\/cepeg.pe\/blog\/\",\"name\":\"BLOG - CEPEG\",\"description\":\"\",\"publisher\":{\"@id\":\"https:\/\/cepeg.pe\/blog\/#organization\"},\"potentialAction\":[{\"@type\":\"SearchAction\",\"target\":{\"@type\":\"EntryPoint\",\"urlTemplate\":\"https:\/\/cepeg.pe\/blog\/?s={search_term_string}\"},\"query-input\":{\"@type\":\"PropertyValueSpecification\",\"valueRequired\":true,\"valueName\":\"search_term_string\"}}],\"inLanguage\":\"es-PE\"},{\"@type\":\"Organization\",\"@id\":\"https:\/\/cepeg.pe\/blog\/#organization\",\"name\":\"BLOG - CEPEG\",\"url\":\"https:\/\/cepeg.pe\/blog\/\",\"logo\":{\"@type\":\"ImageObject\",\"inLanguage\":\"es-PE\",\"@id\":\"https:\/\/cepeg.pe\/blog\/#\/schema\/logo\/image\/\",\"url\":\"https:\/\/cepeg.pe\/blog\/wp-content\/uploads\/2024\/04\/cropped-cropped-logo13anios.png\",\"contentUrl\":\"https:\/\/cepeg.pe\/blog\/wp-content\/uploads\/2024\/04\/cropped-cropped-logo13anios.png\",\"width\":589,\"height\":100,\"caption\":\"BLOG - CEPEG\"},\"image\":{\"@id\":\"https:\/\/cepeg.pe\/blog\/#\/schema\/logo\/image\/\"}},{\"@type\":\"Person\",\"@id\":\"https:\/\/cepeg.pe\/blog\/#\/schema\/person\/6fa73abaf79d528a2c6ed502a6bd1e45\",\"name\":\"CEPEG - Centro Peruano de Estudios Gubernamentales\",\"image\":{\"@type\":\"ImageObject\",\"inLanguage\":\"es-PE\",\"@id\":\"https:\/\/secure.gravatar.com\/avatar\/d847da4207c22136c23867aecdd8684f1e25b7458f54947c61150b1efe588dab?s=96&d=mm&r=g\",\"url\":\"https:\/\/secure.gravatar.com\/avatar\/d847da4207c22136c23867aecdd8684f1e25b7458f54947c61150b1efe588dab?s=96&d=mm&r=g\",\"contentUrl\":\"https:\/\/secure.gravatar.com\/avatar\/d847da4207c22136c23867aecdd8684f1e25b7458f54947c61150b1efe588dab?s=96&d=mm&r=g\",\"caption\":\"CEPEG - Centro Peruano de Estudios Gubernamentales\"},\"sameAs\":[\"https:\/\/cepeg.pe\/blog\"],\"url\":\"https:\/\/cepeg.pe\/blog\/author\/cepeg\/\"}]}<\/script>\n<!-- \/ Yoast SEO plugin. -->","yoast_head_json":{"title":"Crisis de salud mental en universitarios peruanos depresi\u00f3n 2026","description":"An\u00e1lisis sobre la crisis de salud mental en la educaci\u00f3n superior del Per\u00fa altas tasas de depresi\u00f3n e ideaci\u00f3n suicida en universitarios, etc","robots":{"index":"index","follow":"follow","max-snippet":"max-snippet:-1","max-image-preview":"max-image-preview:large","max-video-preview":"max-video-preview:-1"},"canonical":"https:\/\/cepeg.pe\/blog\/crisis-salud-mental-universitarios-peru-depresion-ideacion-suicida\/","og_locale":"es_ES","og_type":"article","og_title":"Crisis de salud mental en universitarios peruanos depresi\u00f3n 2026","og_description":"An\u00e1lisis sobre la crisis de salud mental en la educaci\u00f3n superior del Per\u00fa altas tasas de depresi\u00f3n e ideaci\u00f3n suicida en universitarios, etc","og_url":"https:\/\/cepeg.pe\/blog\/crisis-salud-mental-universitarios-peru-depresion-ideacion-suicida\/","og_site_name":"BLOG - CEPEG","article_published_time":"2026-01-13T22:10:54+00:00","article_modified_time":"2026-01-13T22:10:57+00:00","og_image":[{"width":917,"height":420,"url":"https:\/\/cepeg.pe\/blog\/wp-content\/uploads\/2026\/01\/Portada-Noticia-Web-58.png","type":"image\/png"}],"author":"CEPEG - Centro Peruano de Estudios Gubernamentales","twitter_card":"summary_large_image","twitter_misc":{"Written by":"CEPEG - Centro Peruano de Estudios Gubernamentales","Est. reading time":"4 minutos"},"schema":{"@context":"https:\/\/schema.org","@graph":[{"@type":"Article","@id":"https:\/\/cepeg.pe\/blog\/crisis-salud-mental-universitarios-peru-depresion-ideacion-suicida\/#article","isPartOf":{"@id":"https:\/\/cepeg.pe\/blog\/crisis-salud-mental-universitarios-peru-depresion-ideacion-suicida\/"},"author":{"name":"CEPEG - Centro Peruano de Estudios Gubernamentales","@id":"https:\/\/cepeg.pe\/blog\/#\/schema\/person\/6fa73abaf79d528a2c6ed502a6bd1e45"},"headline":"CRISIS DE SALUD MENTAL EN LA EDUCACI\u00d3N SUPERIOR: AN\u00c1LISIS DE LA IDEACI\u00d3N SUICIDA Y PREVALENCIA DE LA DEPRESI\u00d3N EN UNIVERSITARIOS","datePublished":"2026-01-13T22:10:54+00:00","dateModified":"2026-01-13T22:10:57+00:00","mainEntityOfPage":{"@id":"https:\/\/cepeg.pe\/blog\/crisis-salud-mental-universitarios-peru-depresion-ideacion-suicida\/"},"wordCount":841,"commentCount":2,"publisher":{"@id":"https:\/\/cepeg.pe\/blog\/#organization"},"image":{"@id":"https:\/\/cepeg.pe\/blog\/crisis-salud-mental-universitarios-peru-depresion-ideacion-suicida\/#primaryimage"},"thumbnailUrl":"https:\/\/cepeg.pe\/blog\/wp-content\/uploads\/2026\/01\/Portada-Noticia-Web-58.png","keywords":["cepeg","Depresi\u00f3n en estudiantes","Educaci\u00f3n superior","Ideaci\u00f3n suicida","Prevenci\u00f3n en salud mental","Salud mental"],"articleSection":["NOTICIAS"],"inLanguage":"es-PE","potentialAction":[{"@type":"CommentAction","name":"Comment","target":["https:\/\/cepeg.pe\/blog\/crisis-salud-mental-universitarios-peru-depresion-ideacion-suicida\/#respond"]}]},{"@type":"WebPage","@id":"https:\/\/cepeg.pe\/blog\/crisis-salud-mental-universitarios-peru-depresion-ideacion-suicida\/","url":"https:\/\/cepeg.pe\/blog\/crisis-salud-mental-universitarios-peru-depresion-ideacion-suicida\/","name":"Crisis de salud mental en universitarios peruanos depresi\u00f3n 2026","isPartOf":{"@id":"https:\/\/cepeg.pe\/blog\/#website"},"primaryImageOfPage":{"@id":"https:\/\/cepeg.pe\/blog\/crisis-salud-mental-universitarios-peru-depresion-ideacion-suicida\/#primaryimage"},"image":{"@id":"https:\/\/cepeg.pe\/blog\/crisis-salud-mental-universitarios-peru-depresion-ideacion-suicida\/#primaryimage"},"thumbnailUrl":"https:\/\/cepeg.pe\/blog\/wp-content\/uploads\/2026\/01\/Portada-Noticia-Web-58.png","datePublished":"2026-01-13T22:10:54+00:00","dateModified":"2026-01-13T22:10:57+00:00","description":"An\u00e1lisis sobre la crisis de salud mental en la educaci\u00f3n superior del Per\u00fa altas tasas de depresi\u00f3n e ideaci\u00f3n suicida en universitarios, etc","breadcrumb":{"@id":"https:\/\/cepeg.pe\/blog\/crisis-salud-mental-universitarios-peru-depresion-ideacion-suicida\/#breadcrumb"},"inLanguage":"es-PE","potentialAction":[{"@type":"ReadAction","target":["https:\/\/cepeg.pe\/blog\/crisis-salud-mental-universitarios-peru-depresion-ideacion-suicida\/"]}]},{"@type":"ImageObject","inLanguage":"es-PE","@id":"https:\/\/cepeg.pe\/blog\/crisis-salud-mental-universitarios-peru-depresion-ideacion-suicida\/#primaryimage","url":"https:\/\/cepeg.pe\/blog\/wp-content\/uploads\/2026\/01\/Portada-Noticia-Web-58.png","contentUrl":"https:\/\/cepeg.pe\/blog\/wp-content\/uploads\/2026\/01\/Portada-Noticia-Web-58.png","width":917,"height":420},{"@type":"BreadcrumbList","@id":"https:\/\/cepeg.pe\/blog\/crisis-salud-mental-universitarios-peru-depresion-ideacion-suicida\/#breadcrumb","itemListElement":[{"@type":"ListItem","position":1,"name":"Portada","item":"https:\/\/cepeg.pe\/blog\/"},{"@type":"ListItem","position":2,"name":"CRISIS DE SALUD MENTAL EN LA EDUCACI\u00d3N SUPERIOR: AN\u00c1LISIS DE LA IDEACI\u00d3N SUICIDA Y PREVALENCIA DE LA DEPRESI\u00d3N EN UNIVERSITARIOS"}]},{"@type":"WebSite","@id":"https:\/\/cepeg.pe\/blog\/#website","url":"https:\/\/cepeg.pe\/blog\/","name":"BLOG - CEPEG","description":"","publisher":{"@id":"https:\/\/cepeg.pe\/blog\/#organization"},"potentialAction":[{"@type":"SearchAction","target":{"@type":"EntryPoint","urlTemplate":"https:\/\/cepeg.pe\/blog\/?s={search_term_string}"},"query-input":{"@type":"PropertyValueSpecification","valueRequired":true,"valueName":"search_term_string"}}],"inLanguage":"es-PE"},{"@type":"Organization","@id":"https:\/\/cepeg.pe\/blog\/#organization","name":"BLOG - CEPEG","url":"https:\/\/cepeg.pe\/blog\/","logo":{"@type":"ImageObject","inLanguage":"es-PE","@id":"https:\/\/cepeg.pe\/blog\/#\/schema\/logo\/image\/","url":"https:\/\/cepeg.pe\/blog\/wp-content\/uploads\/2024\/04\/cropped-cropped-logo13anios.png","contentUrl":"https:\/\/cepeg.pe\/blog\/wp-content\/uploads\/2024\/04\/cropped-cropped-logo13anios.png","width":589,"height":100,"caption":"BLOG - CEPEG"},"image":{"@id":"https:\/\/cepeg.pe\/blog\/#\/schema\/logo\/image\/"}},{"@type":"Person","@id":"https:\/\/cepeg.pe\/blog\/#\/schema\/person\/6fa73abaf79d528a2c6ed502a6bd1e45","name":"CEPEG - Centro Peruano de Estudios Gubernamentales","image":{"@type":"ImageObject","inLanguage":"es-PE","@id":"https:\/\/secure.gravatar.com\/avatar\/d847da4207c22136c23867aecdd8684f1e25b7458f54947c61150b1efe588dab?s=96&d=mm&r=g","url":"https:\/\/secure.gravatar.com\/avatar\/d847da4207c22136c23867aecdd8684f1e25b7458f54947c61150b1efe588dab?s=96&d=mm&r=g","contentUrl":"https:\/\/secure.gravatar.com\/avatar\/d847da4207c22136c23867aecdd8684f1e25b7458f54947c61150b1efe588dab?s=96&d=mm&r=g","caption":"CEPEG - Centro Peruano de Estudios Gubernamentales"},"sameAs":["https:\/\/cepeg.pe\/blog"],"url":"https:\/\/cepeg.pe\/blog\/author\/cepeg\/"}]}},"_links":{"self":[{"href":"https:\/\/cepeg.pe\/blog\/wp-json\/wp\/v2\/posts\/16703","targetHints":{"allow":["GET"]}}],"collection":[{"href":"https:\/\/cepeg.pe\/blog\/wp-json\/wp\/v2\/posts"}],"about":[{"href":"https:\/\/cepeg.pe\/blog\/wp-json\/wp\/v2\/types\/post"}],"author":[{"embeddable":true,"href":"https:\/\/cepeg.pe\/blog\/wp-json\/wp\/v2\/users\/1"}],"replies":[{"embeddable":true,"href":"https:\/\/cepeg.pe\/blog\/wp-json\/wp\/v2\/comments?post=16703"}],"version-history":[{"count":2,"href":"https:\/\/cepeg.pe\/blog\/wp-json\/wp\/v2\/posts\/16703\/revisions"}],"predecessor-version":[{"id":16705,"href":"https:\/\/cepeg.pe\/blog\/wp-json\/wp\/v2\/posts\/16703\/revisions\/16705"}],"wp:featuredmedia":[{"embeddable":true,"href":"https:\/\/cepeg.pe\/blog\/wp-json\/wp\/v2\/media\/16706"}],"wp:attachment":[{"href":"https:\/\/cepeg.pe\/blog\/wp-json\/wp\/v2\/media?parent=16703"}],"wp:term":[{"taxonomy":"category","embeddable":true,"href":"https:\/\/cepeg.pe\/blog\/wp-json\/wp\/v2\/categories?post=16703"},{"taxonomy":"post_tag","embeddable":true,"href":"https:\/\/cepeg.pe\/blog\/wp-json\/wp\/v2\/tags?post=16703"}],"curies":[{"name":"wp","href":"https:\/\/api.w.org\/{rel}","templated":true}]}}