{"id":14485,"date":"2025-03-05T17:29:31","date_gmt":"2025-03-05T22:29:31","guid":{"rendered":"https:\/\/cepeg.pe\/blog\/?p=14485"},"modified":"2025-03-05T18:04:57","modified_gmt":"2025-03-05T23:04:57","slug":"inversion-privada-peru-2024-crecimiento","status":"publish","type":"post","link":"https:\/\/cepeg.pe\/blog\/inversion-privada-peru-2024-crecimiento\/","title":{"rendered":"Inversi\u00f3n Privada en Per\u00fa Crece 2.6% en 2024 Tras Dos A\u00f1os de Descensos"},"content":{"rendered":"\n<p class=\"has-black-color has-text-color has-link-color has-medium-font-size wp-elements-d9c3d4098d04fab14be67a98e4227b9d\"><strong>Beneficios del Incremento de la Inversi\u00f3n Privada en Per\u00fa en 2024<\/strong><\/p>\n\n\n\n<p class=\"has-black-color has-text-color has-link-color wp-elements-12248046c9ee92753587a3cee9109e7e\" style=\"font-size:15px\">En 2024, la inversi\u00f3n privada en Per\u00fa creci\u00f3 un 2.6%, superando las proyecciones del Banco Central de Reserva (BCR), que hab\u00eda estimado un aumento del 2.3%. Este repunte, tras dos a\u00f1os de descensos, trae consigo m\u00faltiples beneficios para el pa\u00eds:\u200b<\/p>\n\n\n\n<p class=\"has-black-color has-text-color has-link-color has-medium-font-size wp-elements-c84a3c1cff87283d633051e162c4efa2\"><strong>1. Generaci\u00f3n de Empleo<\/strong><\/p>\n\n\n\n<p class=\"has-black-color has-text-color has-link-color wp-elements-ad52693b5681b1e14b3b505902a5eb91\" style=\"font-size:15px\">El aumento de la inversi\u00f3n privada suele traducirse en la creaci\u00f3n de nuevos puestos de trabajo. Proyectos en sectores como la construcci\u00f3n, manufactura y servicios requieren mano de obra, lo que contribuye a reducir las tasas de desempleo y mejora la calidad de vida de la poblaci\u00f3n.\u200b<\/p>\n\n\n\n<p class=\"has-black-color has-text-color has-link-color has-medium-font-size wp-elements-0c39dbc228ed120a7c03efb492a137c6\"><strong>2. Impulso al Crecimiento Econ\u00f3mico<\/strong><\/p>\n\n\n\n<p class=\"has-black-color has-text-color has-link-color wp-elements-e10f264da52659c1f8015db08039ebcc\" style=\"font-size:15px\">La inversi\u00f3n privada es un motor clave para el crecimiento del Producto Bruto Interno (PBI). Un incremento en la inversi\u00f3n se refleja en una mayor producci\u00f3n de bienes y servicios, fortaleciendo la econom\u00eda nacional.\u200b<a href=\"https:\/\/www.bcrp.gob.pe\/docs\/Publicaciones\/Notas-Estudios\/2024\/nota-de-estudios-35-2024.pdf\" target=\"_blank\" rel=\"noreferrer noopener\">bcrp.gob.pe<\/a><\/p>\n\n\n\n<p class=\"has-black-color has-text-color has-link-color has-medium-font-size wp-elements-38b4fe555c22c7d65d5a2b301d617b5d\"><strong>3. Mejora de Infraestructuras<\/strong><\/p>\n\n\n\n<p class=\"has-black-color has-text-color has-link-color wp-elements-00f19630fa188293deebe3a47adcd2ae\" style=\"font-size:15px\">Las inversiones en infraestructura, como carreteras, puertos y telecomunicaciones, facilitan el comercio y la integraci\u00f3n regional. Por ejemplo, la Agencia de Promoci\u00f3n de la Inversi\u00f3n Privada (PROINVERSI\u00d3N) adjudic\u00f3 16 proyectos en Asociaciones P\u00fablico-Privadas por un valor de US$ 8,956 millones en 2024, beneficiando a m\u00e1s de 10 millones de habitantes. \u200b<a href=\"https:\/\/www.investinperu.pe\/es\/pi\/detail-news\/balance-2024-proinversion-marca-record-al-adjudic\" target=\"_blank\" rel=\"noreferrer noopener\">investinperu.pe<\/a><\/p>\n\n\n\n<p class=\"has-black-color has-text-color has-link-color has-medium-font-size wp-elements-98c412e84192673e0e4784b382ca58ce\"><strong>4. Aumento de la Competitividad<\/strong><\/p>\n\n\n\n<p class=\"has-black-color has-text-color has-link-color wp-elements-a7b3e5e03c2387e291b4649e3035ac3b\" style=\"font-size:15px\">La modernizaci\u00f3n de procesos y la adopci\u00f3n de nuevas tecnolog\u00edas, resultado de la inversi\u00f3n privada, elevan la competitividad de las empresas peruanas en mercados internacionales, abriendo oportunidades de exportaci\u00f3n y diversificaci\u00f3n econ\u00f3mica.\u200b<\/p>\n\n\n\n<p class=\"has-black-color has-text-color has-link-color has-medium-font-size wp-elements-2dcccabeac1cf513b9d0d1444807dd39\"><strong>5. Fortalecimiento de la Confianza Empresarial<\/strong><\/p>\n\n\n\n<p class=\"has-black-color has-text-color has-link-color wp-elements-084fffcc53c0f9a4799088a61874153d\" style=\"font-size:15px\">Un entorno favorable para la inversi\u00f3n privada refleja estabilidad econ\u00f3mica y pol\u00edtica, lo que atrae a m\u00e1s inversores nacionales y extranjeros. Este c\u00edrculo virtuoso promueve un clima de negocios positivo y sostenible.\u200b<\/p>\n\n\n\n<p class=\"has-black-color has-text-color has-link-color wp-elements-1af72ad43e6d80c1bb9b9542f28a7483\" style=\"font-size:15px\">En conclusi\u00f3n, el incremento de la inversi\u00f3n privada en 2024 representa una se\u00f1al alentadora para el desarrollo econ\u00f3mico de Per\u00fa, impactando positivamente en el empleo, la infraestructura y la competitividad del pa\u00eds.<br><strong>Fuente: Expreso<\/strong><\/p>\n\n\n\n<p><\/p>\n","protected":false},"excerpt":{"rendered":"<p>Beneficios del Incremento de la Inversi\u00f3n Privada en Per\u00fa en 2024 En 2024, la inversi\u00f3n privada en Per\u00fa creci\u00f3 un 2.6%, superando las proyecciones del Banco Central de Reserva (BCR), que hab\u00eda estimado un aumento del 2.3%. Este repunte, tras dos a\u00f1os de descensos, trae consigo m\u00faltiples beneficios para el pa\u00eds:\u200b 1. Generaci\u00f3n de Empleo [&hellip;]<\/p>\n","protected":false},"author":2,"featured_media":14490,"comment_status":"open","ping_status":"open","sticky":false,"template":"","format":"standard","meta":{"_acf_changed":false,"footnotes":""},"categories":[965],"tags":[1231,1232,1234,1237,1230,1236,1233,1235],"class_list":["post-14485","post","type-post","status-publish","format-standard","has-post-thumbnail","hentry","category-articulos","tag-crecimientoeconomico","tag-economiaperuana","tag-finanzasenperu","tag-inversionesperu","tag-inversionprivadaperu2024","tag-mercadofinancieroperu","tag-proyeccioneseconomicas","tag-recuperacioneconomica"],"acf":[],"yoast_head":"<!-- This site is optimized with the Yoast SEO plugin v27.2 - https:\/\/yoast.com\/product\/yoast-seo-wordpress\/ -->\n<title>Inversi\u00f3n Privada en Per\u00fa Crecer\u00e1 2.6% tras Dos A\u00f1os de Ca\u00edda<\/title>\n<meta name=\"description\" content=\"La inversi\u00f3n privada en Per\u00fa crecer\u00e1 un 2.6% en 2024 tras dos a\u00f1os de descenso, seg\u00fan proyecciones econ\u00f3micas. Conoce los factores clave....\" \/>\n<meta name=\"robots\" content=\"index, follow, max-snippet:-1, max-image-preview:large, max-video-preview:-1\" \/>\n<link rel=\"canonical\" href=\"https:\/\/cepeg.pe\/blog\/inversion-privada-peru-2024-crecimiento\/\" \/>\n<meta property=\"og:locale\" content=\"es_ES\" \/>\n<meta property=\"og:type\" content=\"article\" \/>\n<meta property=\"og:title\" content=\"Inversi\u00f3n Privada en Per\u00fa Crecer\u00e1 2.6% tras Dos A\u00f1os de Ca\u00edda\" \/>\n<meta property=\"og:description\" content=\"La inversi\u00f3n privada en Per\u00fa crecer\u00e1 un 2.6% en 2024 tras dos a\u00f1os de descenso, seg\u00fan proyecciones econ\u00f3micas. Conoce los factores clave....\" \/>\n<meta property=\"og:url\" content=\"https:\/\/cepeg.pe\/blog\/inversion-privada-peru-2024-crecimiento\/\" \/>\n<meta property=\"og:site_name\" content=\"BLOG - CEPEG\" \/>\n<meta property=\"article:published_time\" content=\"2025-03-05T22:29:31+00:00\" \/>\n<meta property=\"article:modified_time\" content=\"2025-03-05T23:04:57+00:00\" \/>\n<meta property=\"og:image\" content=\"https:\/\/cepeg.pe\/blog\/wp-content\/uploads\/2025\/03\/Cuadrado-para-Redes-2-1024x1024.png\" \/>\n\t<meta property=\"og:image:width\" content=\"1024\" \/>\n\t<meta property=\"og:image:height\" content=\"1024\" \/>\n\t<meta property=\"og:image:type\" content=\"image\/png\" \/>\n<meta name=\"author\" content=\"Luis Romero\" \/>\n<meta name=\"twitter:card\" content=\"summary_large_image\" \/>\n<meta name=\"twitter:label1\" content=\"Written by\" \/>\n\t<meta name=\"twitter:data1\" content=\"Luis Romero\" \/>\n\t<meta name=\"twitter:label2\" content=\"Est. reading time\" \/>\n\t<meta name=\"twitter:data2\" content=\"2 minutos\" \/>\n<script type=\"application\/ld+json\" class=\"yoast-schema-graph\">{\"@context\":\"https:\/\/schema.org\",\"@graph\":[{\"@type\":\"Article\",\"@id\":\"https:\/\/cepeg.pe\/blog\/inversion-privada-peru-2024-crecimiento\/#article\",\"isPartOf\":{\"@id\":\"https:\/\/cepeg.pe\/blog\/inversion-privada-peru-2024-crecimiento\/\"},\"author\":{\"name\":\"Luis Romero\",\"@id\":\"https:\/\/cepeg.pe\/blog\/#\/schema\/person\/62eb37a9a98f2efb1a1b0497775fa367\"},\"headline\":\"Inversi\u00f3n Privada en Per\u00fa Crece 2.6% en 2024 Tras Dos A\u00f1os de Descensos\",\"datePublished\":\"2025-03-05T22:29:31+00:00\",\"dateModified\":\"2025-03-05T23:04:57+00:00\",\"mainEntityOfPage\":{\"@id\":\"https:\/\/cepeg.pe\/blog\/inversion-privada-peru-2024-crecimiento\/\"},\"wordCount\":347,\"commentCount\":0,\"publisher\":{\"@id\":\"https:\/\/cepeg.pe\/blog\/#organization\"},\"image\":{\"@id\":\"https:\/\/cepeg.pe\/blog\/inversion-privada-peru-2024-crecimiento\/#primaryimage\"},\"thumbnailUrl\":\"https:\/\/cepeg.pe\/blog\/wp-content\/uploads\/2025\/03\/Cuadrado-para-Redes-2.png\",\"keywords\":[\"CrecimientoEcon\u00f3mico\",\"Econom\u00edaPeruana\",\"FinanzasEnPer\u00fa\",\"InversionesPer\u00fa\",\"Inversi\u00f3nPrivadaPer\u00fa2024\",\"MercadoFinancieroPer\u00fa\",\"ProyeccionesEcon\u00f3micas\",\"Recuperaci\u00f3nEcon\u00f3mica\"],\"articleSection\":[\"ART\u00cdCULOS\"],\"inLanguage\":\"es-PE\",\"potentialAction\":[{\"@type\":\"CommentAction\",\"name\":\"Comment\",\"target\":[\"https:\/\/cepeg.pe\/blog\/inversion-privada-peru-2024-crecimiento\/#respond\"]}]},{\"@type\":\"WebPage\",\"@id\":\"https:\/\/cepeg.pe\/blog\/inversion-privada-peru-2024-crecimiento\/\",\"url\":\"https:\/\/cepeg.pe\/blog\/inversion-privada-peru-2024-crecimiento\/\",\"name\":\"Inversi\u00f3n Privada en Per\u00fa Crecer\u00e1 2.6% tras Dos A\u00f1os de Ca\u00edda\",\"isPartOf\":{\"@id\":\"https:\/\/cepeg.pe\/blog\/#website\"},\"primaryImageOfPage\":{\"@id\":\"https:\/\/cepeg.pe\/blog\/inversion-privada-peru-2024-crecimiento\/#primaryimage\"},\"image\":{\"@id\":\"https:\/\/cepeg.pe\/blog\/inversion-privada-peru-2024-crecimiento\/#primaryimage\"},\"thumbnailUrl\":\"https:\/\/cepeg.pe\/blog\/wp-content\/uploads\/2025\/03\/Cuadrado-para-Redes-2.png\",\"datePublished\":\"2025-03-05T22:29:31+00:00\",\"dateModified\":\"2025-03-05T23:04:57+00:00\",\"description\":\"La inversi\u00f3n privada en Per\u00fa crecer\u00e1 un 2.6% en 2024 tras dos a\u00f1os de descenso, seg\u00fan proyecciones econ\u00f3micas. Conoce los factores clave....\",\"breadcrumb\":{\"@id\":\"https:\/\/cepeg.pe\/blog\/inversion-privada-peru-2024-crecimiento\/#breadcrumb\"},\"inLanguage\":\"es-PE\",\"potentialAction\":[{\"@type\":\"ReadAction\",\"target\":[\"https:\/\/cepeg.pe\/blog\/inversion-privada-peru-2024-crecimiento\/\"]}]},{\"@type\":\"ImageObject\",\"inLanguage\":\"es-PE\",\"@id\":\"https:\/\/cepeg.pe\/blog\/inversion-privada-peru-2024-crecimiento\/#primaryimage\",\"url\":\"https:\/\/cepeg.pe\/blog\/wp-content\/uploads\/2025\/03\/Cuadrado-para-Redes-2.png\",\"contentUrl\":\"https:\/\/cepeg.pe\/blog\/wp-content\/uploads\/2025\/03\/Cuadrado-para-Redes-2.png\",\"width\":1080,\"height\":1080},{\"@type\":\"BreadcrumbList\",\"@id\":\"https:\/\/cepeg.pe\/blog\/inversion-privada-peru-2024-crecimiento\/#breadcrumb\",\"itemListElement\":[{\"@type\":\"ListItem\",\"position\":1,\"name\":\"Portada\",\"item\":\"https:\/\/cepeg.pe\/blog\/\"},{\"@type\":\"ListItem\",\"position\":2,\"name\":\"Inversi\u00f3n Privada en Per\u00fa Crece 2.6% en 2024 Tras Dos A\u00f1os de Descensos\"}]},{\"@type\":\"WebSite\",\"@id\":\"https:\/\/cepeg.pe\/blog\/#website\",\"url\":\"https:\/\/cepeg.pe\/blog\/\",\"name\":\"BLOG - CEPEG\",\"description\":\"\",\"publisher\":{\"@id\":\"https:\/\/cepeg.pe\/blog\/#organization\"},\"potentialAction\":[{\"@type\":\"SearchAction\",\"target\":{\"@type\":\"EntryPoint\",\"urlTemplate\":\"https:\/\/cepeg.pe\/blog\/?s={search_term_string}\"},\"query-input\":{\"@type\":\"PropertyValueSpecification\",\"valueRequired\":true,\"valueName\":\"search_term_string\"}}],\"inLanguage\":\"es-PE\"},{\"@type\":\"Organization\",\"@id\":\"https:\/\/cepeg.pe\/blog\/#organization\",\"name\":\"BLOG - CEPEG\",\"url\":\"https:\/\/cepeg.pe\/blog\/\",\"logo\":{\"@type\":\"ImageObject\",\"inLanguage\":\"es-PE\",\"@id\":\"https:\/\/cepeg.pe\/blog\/#\/schema\/logo\/image\/\",\"url\":\"https:\/\/cepeg.pe\/blog\/wp-content\/uploads\/2024\/04\/cropped-cropped-logo13anios.png\",\"contentUrl\":\"https:\/\/cepeg.pe\/blog\/wp-content\/uploads\/2024\/04\/cropped-cropped-logo13anios.png\",\"width\":589,\"height\":100,\"caption\":\"BLOG - CEPEG\"},\"image\":{\"@id\":\"https:\/\/cepeg.pe\/blog\/#\/schema\/logo\/image\/\"}},{\"@type\":\"Person\",\"@id\":\"https:\/\/cepeg.pe\/blog\/#\/schema\/person\/62eb37a9a98f2efb1a1b0497775fa367\",\"name\":\"Luis Romero\",\"image\":{\"@type\":\"ImageObject\",\"inLanguage\":\"es-PE\",\"@id\":\"https:\/\/secure.gravatar.com\/avatar\/6925a938c53ba0090a9226b2177ca08b84b7cd293186cd8b40c26c408f4a2a63?s=96&d=mm&r=g\",\"url\":\"https:\/\/secure.gravatar.com\/avatar\/6925a938c53ba0090a9226b2177ca08b84b7cd293186cd8b40c26c408f4a2a63?s=96&d=mm&r=g\",\"contentUrl\":\"https:\/\/secure.gravatar.com\/avatar\/6925a938c53ba0090a9226b2177ca08b84b7cd293186cd8b40c26c408f4a2a63?s=96&d=mm&r=g\",\"caption\":\"Luis Romero\"},\"sameAs\":[\"cepeg\"],\"url\":\"https:\/\/cepeg.pe\/blog\/author\/luis-romero\/\"}]}<\/script>\n<!-- \/ Yoast SEO plugin. -->","yoast_head_json":{"title":"Inversi\u00f3n Privada en Per\u00fa Crecer\u00e1 2.6% tras Dos A\u00f1os de Ca\u00edda","description":"La inversi\u00f3n privada en Per\u00fa crecer\u00e1 un 2.6% en 2024 tras dos a\u00f1os de descenso, seg\u00fan proyecciones econ\u00f3micas. Conoce los factores clave....","robots":{"index":"index","follow":"follow","max-snippet":"max-snippet:-1","max-image-preview":"max-image-preview:large","max-video-preview":"max-video-preview:-1"},"canonical":"https:\/\/cepeg.pe\/blog\/inversion-privada-peru-2024-crecimiento\/","og_locale":"es_ES","og_type":"article","og_title":"Inversi\u00f3n Privada en Per\u00fa Crecer\u00e1 2.6% tras Dos A\u00f1os de Ca\u00edda","og_description":"La inversi\u00f3n privada en Per\u00fa crecer\u00e1 un 2.6% en 2024 tras dos a\u00f1os de descenso, seg\u00fan proyecciones econ\u00f3micas. Conoce los factores clave....","og_url":"https:\/\/cepeg.pe\/blog\/inversion-privada-peru-2024-crecimiento\/","og_site_name":"BLOG - CEPEG","article_published_time":"2025-03-05T22:29:31+00:00","article_modified_time":"2025-03-05T23:04:57+00:00","og_image":[{"width":1024,"height":1024,"url":"https:\/\/cepeg.pe\/blog\/wp-content\/uploads\/2025\/03\/Cuadrado-para-Redes-2-1024x1024.png","type":"image\/png"}],"author":"Luis Romero","twitter_card":"summary_large_image","twitter_misc":{"Written by":"Luis Romero","Est. reading time":"2 minutos"},"schema":{"@context":"https:\/\/schema.org","@graph":[{"@type":"Article","@id":"https:\/\/cepeg.pe\/blog\/inversion-privada-peru-2024-crecimiento\/#article","isPartOf":{"@id":"https:\/\/cepeg.pe\/blog\/inversion-privada-peru-2024-crecimiento\/"},"author":{"name":"Luis Romero","@id":"https:\/\/cepeg.pe\/blog\/#\/schema\/person\/62eb37a9a98f2efb1a1b0497775fa367"},"headline":"Inversi\u00f3n Privada en Per\u00fa Crece 2.6% en 2024 Tras Dos A\u00f1os de Descensos","datePublished":"2025-03-05T22:29:31+00:00","dateModified":"2025-03-05T23:04:57+00:00","mainEntityOfPage":{"@id":"https:\/\/cepeg.pe\/blog\/inversion-privada-peru-2024-crecimiento\/"},"wordCount":347,"commentCount":0,"publisher":{"@id":"https:\/\/cepeg.pe\/blog\/#organization"},"image":{"@id":"https:\/\/cepeg.pe\/blog\/inversion-privada-peru-2024-crecimiento\/#primaryimage"},"thumbnailUrl":"https:\/\/cepeg.pe\/blog\/wp-content\/uploads\/2025\/03\/Cuadrado-para-Redes-2.png","keywords":["CrecimientoEcon\u00f3mico","Econom\u00edaPeruana","FinanzasEnPer\u00fa","InversionesPer\u00fa","Inversi\u00f3nPrivadaPer\u00fa2024","MercadoFinancieroPer\u00fa","ProyeccionesEcon\u00f3micas","Recuperaci\u00f3nEcon\u00f3mica"],"articleSection":["ART\u00cdCULOS"],"inLanguage":"es-PE","potentialAction":[{"@type":"CommentAction","name":"Comment","target":["https:\/\/cepeg.pe\/blog\/inversion-privada-peru-2024-crecimiento\/#respond"]}]},{"@type":"WebPage","@id":"https:\/\/cepeg.pe\/blog\/inversion-privada-peru-2024-crecimiento\/","url":"https:\/\/cepeg.pe\/blog\/inversion-privada-peru-2024-crecimiento\/","name":"Inversi\u00f3n Privada en Per\u00fa Crecer\u00e1 2.6% tras Dos A\u00f1os de Ca\u00edda","isPartOf":{"@id":"https:\/\/cepeg.pe\/blog\/#website"},"primaryImageOfPage":{"@id":"https:\/\/cepeg.pe\/blog\/inversion-privada-peru-2024-crecimiento\/#primaryimage"},"image":{"@id":"https:\/\/cepeg.pe\/blog\/inversion-privada-peru-2024-crecimiento\/#primaryimage"},"thumbnailUrl":"https:\/\/cepeg.pe\/blog\/wp-content\/uploads\/2025\/03\/Cuadrado-para-Redes-2.png","datePublished":"2025-03-05T22:29:31+00:00","dateModified":"2025-03-05T23:04:57+00:00","description":"La inversi\u00f3n privada en Per\u00fa crecer\u00e1 un 2.6% en 2024 tras dos a\u00f1os de descenso, seg\u00fan proyecciones econ\u00f3micas. Conoce los factores clave....","breadcrumb":{"@id":"https:\/\/cepeg.pe\/blog\/inversion-privada-peru-2024-crecimiento\/#breadcrumb"},"inLanguage":"es-PE","potentialAction":[{"@type":"ReadAction","target":["https:\/\/cepeg.pe\/blog\/inversion-privada-peru-2024-crecimiento\/"]}]},{"@type":"ImageObject","inLanguage":"es-PE","@id":"https:\/\/cepeg.pe\/blog\/inversion-privada-peru-2024-crecimiento\/#primaryimage","url":"https:\/\/cepeg.pe\/blog\/wp-content\/uploads\/2025\/03\/Cuadrado-para-Redes-2.png","contentUrl":"https:\/\/cepeg.pe\/blog\/wp-content\/uploads\/2025\/03\/Cuadrado-para-Redes-2.png","width":1080,"height":1080},{"@type":"BreadcrumbList","@id":"https:\/\/cepeg.pe\/blog\/inversion-privada-peru-2024-crecimiento\/#breadcrumb","itemListElement":[{"@type":"ListItem","position":1,"name":"Portada","item":"https:\/\/cepeg.pe\/blog\/"},{"@type":"ListItem","position":2,"name":"Inversi\u00f3n Privada en Per\u00fa Crece 2.6% en 2024 Tras Dos A\u00f1os de Descensos"}]},{"@type":"WebSite","@id":"https:\/\/cepeg.pe\/blog\/#website","url":"https:\/\/cepeg.pe\/blog\/","name":"BLOG - CEPEG","description":"","publisher":{"@id":"https:\/\/cepeg.pe\/blog\/#organization"},"potentialAction":[{"@type":"SearchAction","target":{"@type":"EntryPoint","urlTemplate":"https:\/\/cepeg.pe\/blog\/?s={search_term_string}"},"query-input":{"@type":"PropertyValueSpecification","valueRequired":true,"valueName":"search_term_string"}}],"inLanguage":"es-PE"},{"@type":"Organization","@id":"https:\/\/cepeg.pe\/blog\/#organization","name":"BLOG - CEPEG","url":"https:\/\/cepeg.pe\/blog\/","logo":{"@type":"ImageObject","inLanguage":"es-PE","@id":"https:\/\/cepeg.pe\/blog\/#\/schema\/logo\/image\/","url":"https:\/\/cepeg.pe\/blog\/wp-content\/uploads\/2024\/04\/cropped-cropped-logo13anios.png","contentUrl":"https:\/\/cepeg.pe\/blog\/wp-content\/uploads\/2024\/04\/cropped-cropped-logo13anios.png","width":589,"height":100,"caption":"BLOG - CEPEG"},"image":{"@id":"https:\/\/cepeg.pe\/blog\/#\/schema\/logo\/image\/"}},{"@type":"Person","@id":"https:\/\/cepeg.pe\/blog\/#\/schema\/person\/62eb37a9a98f2efb1a1b0497775fa367","name":"Luis Romero","image":{"@type":"ImageObject","inLanguage":"es-PE","@id":"https:\/\/secure.gravatar.com\/avatar\/6925a938c53ba0090a9226b2177ca08b84b7cd293186cd8b40c26c408f4a2a63?s=96&d=mm&r=g","url":"https:\/\/secure.gravatar.com\/avatar\/6925a938c53ba0090a9226b2177ca08b84b7cd293186cd8b40c26c408f4a2a63?s=96&d=mm&r=g","contentUrl":"https:\/\/secure.gravatar.com\/avatar\/6925a938c53ba0090a9226b2177ca08b84b7cd293186cd8b40c26c408f4a2a63?s=96&d=mm&r=g","caption":"Luis Romero"},"sameAs":["cepeg"],"url":"https:\/\/cepeg.pe\/blog\/author\/luis-romero\/"}]}},"_links":{"self":[{"href":"https:\/\/cepeg.pe\/blog\/wp-json\/wp\/v2\/posts\/14485","targetHints":{"allow":["GET"]}}],"collection":[{"href":"https:\/\/cepeg.pe\/blog\/wp-json\/wp\/v2\/posts"}],"about":[{"href":"https:\/\/cepeg.pe\/blog\/wp-json\/wp\/v2\/types\/post"}],"author":[{"embeddable":true,"href":"https:\/\/cepeg.pe\/blog\/wp-json\/wp\/v2\/users\/2"}],"replies":[{"embeddable":true,"href":"https:\/\/cepeg.pe\/blog\/wp-json\/wp\/v2\/comments?post=14485"}],"version-history":[{"count":1,"href":"https:\/\/cepeg.pe\/blog\/wp-json\/wp\/v2\/posts\/14485\/revisions"}],"predecessor-version":[{"id":14487,"href":"https:\/\/cepeg.pe\/blog\/wp-json\/wp\/v2\/posts\/14485\/revisions\/14487"}],"wp:featuredmedia":[{"embeddable":true,"href":"https:\/\/cepeg.pe\/blog\/wp-json\/wp\/v2\/media\/14490"}],"wp:attachment":[{"href":"https:\/\/cepeg.pe\/blog\/wp-json\/wp\/v2\/media?parent=14485"}],"wp:term":[{"taxonomy":"category","embeddable":true,"href":"https:\/\/cepeg.pe\/blog\/wp-json\/wp\/v2\/categories?post=14485"},{"taxonomy":"post_tag","embeddable":true,"href":"https:\/\/cepeg.pe\/blog\/wp-json\/wp\/v2\/tags?post=14485"}],"curies":[{"name":"wp","href":"https:\/\/api.w.org\/{rel}","templated":true}]}}